{"id":498,"date":"2021-09-26T16:27:17","date_gmt":"2021-09-26T16:27:17","guid":{"rendered":"https:\/\/www.aregaymartin.cat\/?p=498"},"modified":"2021-09-26T16:27:17","modified_gmt":"2021-09-26T16:27:17","slug":"regim-de-visites-entre-avis-i-nets","status":"publish","type":"post","link":"https:\/\/www.aregaymartin.cat\/index.php\/2021\/09\/26\/regim-de-visites-entre-avis-i-nets\/","title":{"rendered":"R\u00c8GIM DE VISITES ENTRE AVIS I N\u00c9TS"},"content":{"rendered":"<p>No \u00e9s infreq\u00fcent que els avis perdin el contacte amb els seus n\u00e9ts i hagin de rec\u00f3rrer a la just\u00edcia per poder-los veure interposant una <strong>demanda per aconseguir que se\u2019ls reconegui un r\u00e8gim de visites. <\/strong><\/p>\n<p>Aquesta situaci\u00f3 es pot donar per diferents motius, per exemple, degut a la mort d\u2019un fill o una filla, els avis i el progenitor supervivent no tenen una bona relaci\u00f3, quan es produeix una crisi de parella o matrimonial i el r\u00e8gim de visites que t\u00e9 el progenitor no custodi no \u00e9s suficient per mantenir la relaci\u00f3 entre els avis i els n\u00e9ts, o b\u00e9 quan hi ha una mala relaci\u00f3 entre pares i fills que suposa una ruptura de les relacions entre avis i n\u00e9ts, etc.<\/p>\n<p>&nbsp;<\/p>\n<p>En tots aquests casos, tant el Codi Civil estatal com el Codi Civil de Catalunya reconeixen el dret dels avis a tenir un r\u00e8gim de visites, fins i tot en contra de la voluntat dels progenitors, per tal de <strong>protegir la relaci\u00f3 familiar.<\/strong><\/p>\n<p>&nbsp;<\/p>\n<p>En aquest sentit, <strong>l\u2019art. 160.2 del Codi Civil estatal<\/strong> recull el seg\u00fcent:<\/p>\n<p><em>\u201cNo es podran impedir sense justa causa les relacions personals del menor amb els seus germans, avis i altres parents i familiars\u201d<\/em><\/p>\n<p><em>\u00a0<\/em><\/p>\n<p>I <strong>l\u2019art. 236-4.2 del Codi Civil de Catalunya:<\/strong><\/p>\n<p><em>\u201cEls fills tenen dret a relacionar-se amb els avis, germans i altres persones pr\u00f2ximes, i tots aquests tenen tamb\u00e9 el dret de relacionar-se amb els fills. Els progenitors han de facilitar aquestes relacions i nom\u00e9s les poden impedir si existeix una justa causa.\u201d<\/em><\/p>\n<p><em>\u00a0<\/em><\/p>\n<p>Per tant, <strong>nom\u00e9s es podr\u00e0 impedir la relaci\u00f3 entre avis i nets si existeix una justa causa<\/strong>, que haur\u00e0 de ser al\u00b7legada pels progenitors davant del jutjat, i el jutge haur\u00e0 de valorar si \u00e9s motiu suficient per negar o no aquesta relaci\u00f3. Per exemple, un motiu pel qual es podria denegar el r\u00e8gim de visites \u00e9s si la relaci\u00f3 amb els avis perjudiqu\u00e9s la salut f\u00edsica i mental dels menors.<\/p>\n<p>&nbsp;<\/p>\n<p><strong>El r\u00e8gim de visites es determinar\u00e0 d\u2019acord a les circumst\u00e0ncies personals de les parts.<\/strong> Alguns criteris que pot valorar el jutge s\u00f3n:<\/p>\n<p>&nbsp;<\/p>\n<ul>\n<li>L\u2019edat del menor (no pot ser el mateix r\u00e8gim de visites per un menor d\u2019un any que, per exemple, un de 14)<\/li>\n<li>La relaci\u00f3 dels n\u00e9ts amb els seus avis abans de la privaci\u00f3 de relacions<\/li>\n<li>Si els n\u00e9ts han pernoctat fora de casa o no<\/li>\n<li>Si els pares estan separats o divorciats, es tindr\u00e0 en compte el r\u00e8gim de visites del progenitor no custodi<\/li>\n<\/ul>\n<p>&nbsp;<\/p>\n<p>D\u2019aquesta manera, ens podem trobar <strong>diferents r\u00e8gims de visites:<\/strong><\/p>\n<p>&nbsp;<\/p>\n<ul>\n<li>Un cap de setmana al mes i algun dia durant les vacances de Nadal, Setmana Santa y estiu<\/li>\n<li>Un cap de setmana al mes i alguna visita entre setmana<\/li>\n<li>Nom\u00e9s unes hores, un cop a la setmana, cada quinze dies o al mes<\/li>\n<\/ul>\n<p>&nbsp;<\/p>\n<p>Tamb\u00e9 es pot adoptar un r\u00e8gim progressiu, \u00e9s a dir, es comen\u00e7a amb contactes de curta durada i es va ampliant conforme es consolida la relaci\u00f3.<\/p>\n<p>&nbsp;<\/p>\n<p>&nbsp;<\/p>\n","protected":false},"excerpt":{"rendered":"<p>No \u00e9s infreq\u00fcent que els avis perdin el contacte amb  [&#8230;]<\/p>\n","protected":false},"author":3,"featured_media":499,"comment_status":"open","ping_status":"open","sticky":false,"template":"","format":"standard","meta":{"footnotes":""},"categories":[21],"tags":[115,189,187,191],"class_list":["post-498","post","type-post","status-publish","format-standard","has-post-thumbnail","hentry","category-actualitat-juridica","tag-dret-familia","tag-drets-avis","tag-regim-visites","tag-relacio-nets"],"yoast_head":"<!-- This site is optimized with the Yoast SEO plugin v24.7 - https:\/\/yoast.com\/wordpress\/plugins\/seo\/ -->\n<title>R\u00c8GIM DE VISITES ENTRE AVIS I N\u00c9TS - Laura Aregay Martin<\/title>\n<meta name=\"robots\" content=\"index, follow, max-snippet:-1, max-image-preview:large, max-video-preview:-1\" \/>\n<link rel=\"canonical\" href=\"https:\/\/www.aregaymartin.cat\/index.php\/2021\/09\/26\/regim-de-visites-entre-avis-i-nets\/\" \/>\n<meta property=\"og:locale\" content=\"es_ES\" \/>\n<meta property=\"og:type\" content=\"article\" \/>\n<meta property=\"og:title\" content=\"R\u00c8GIM DE VISITES ENTRE AVIS I N\u00c9TS - Laura Aregay Martin\" \/>\n<meta property=\"og:description\" content=\"No \u00e9s infreq\u00fcent que els avis perdin el contacte amb [...]\" \/>\n<meta property=\"og:url\" content=\"https:\/\/www.aregaymartin.cat\/index.php\/2021\/09\/26\/regim-de-visites-entre-avis-i-nets\/\" \/>\n<meta property=\"og:site_name\" content=\"Laura Aregay Martin\" \/>\n<meta property=\"article:published_time\" content=\"2021-09-26T16:27:17+00:00\" \/>\n<meta property=\"og:image\" content=\"https:\/\/www.aregaymartin.cat\/wp-content\/uploads\/2021\/09\/shutterstock_568104286-scaled.jpg\" \/>\n\t<meta property=\"og:image:width\" content=\"2560\" \/>\n\t<meta property=\"og:image:height\" content=\"1280\" \/>\n\t<meta property=\"og:image:type\" content=\"image\/jpeg\" \/>\n<meta name=\"author\" content=\"Laura Aregay\" \/>\n<meta name=\"twitter:card\" content=\"summary_large_image\" \/>\n<meta name=\"twitter:label1\" content=\"Escrito por\" \/>\n\t<meta name=\"twitter:data1\" content=\"Laura Aregay\" \/>\n\t<meta name=\"twitter:label2\" content=\"Tiempo de lectura\" \/>\n\t<meta name=\"twitter:data2\" content=\"3 minutos\" \/>\n<script type=\"application\/ld+json\" class=\"yoast-schema-graph\">{\"@context\":\"https:\/\/schema.org\",\"@graph\":[{\"@type\":\"WebPage\",\"@id\":\"https:\/\/www.aregaymartin.cat\/index.php\/2021\/09\/26\/regim-de-visites-entre-avis-i-nets\/\",\"url\":\"https:\/\/www.aregaymartin.cat\/index.php\/2021\/09\/26\/regim-de-visites-entre-avis-i-nets\/\",\"name\":\"R\u00c8GIM DE VISITES ENTRE AVIS I N\u00c9TS - Laura Aregay Martin\",\"isPartOf\":{\"@id\":\"https:\/\/www.aregaymartin.cat\/#website\"},\"primaryImageOfPage\":{\"@id\":\"https:\/\/www.aregaymartin.cat\/index.php\/2021\/09\/26\/regim-de-visites-entre-avis-i-nets\/#primaryimage\"},\"image\":{\"@id\":\"https:\/\/www.aregaymartin.cat\/index.php\/2021\/09\/26\/regim-de-visites-entre-avis-i-nets\/#primaryimage\"},\"thumbnailUrl\":\"https:\/\/www.aregaymartin.cat\/wp-content\/uploads\/2021\/09\/shutterstock_568104286-scaled.jpg\",\"datePublished\":\"2021-09-26T16:27:17+00:00\",\"author\":{\"@id\":\"https:\/\/www.aregaymartin.cat\/#\/schema\/person\/e75bbb639581377296c8a6913c32e41b\"},\"breadcrumb\":{\"@id\":\"https:\/\/www.aregaymartin.cat\/index.php\/2021\/09\/26\/regim-de-visites-entre-avis-i-nets\/#breadcrumb\"},\"inLanguage\":\"es\",\"potentialAction\":[{\"@type\":\"ReadAction\",\"target\":[\"https:\/\/www.aregaymartin.cat\/index.php\/2021\/09\/26\/regim-de-visites-entre-avis-i-nets\/\"]}]},{\"@type\":\"ImageObject\",\"inLanguage\":\"es\",\"@id\":\"https:\/\/www.aregaymartin.cat\/index.php\/2021\/09\/26\/regim-de-visites-entre-avis-i-nets\/#primaryimage\",\"url\":\"https:\/\/www.aregaymartin.cat\/wp-content\/uploads\/2021\/09\/shutterstock_568104286-scaled.jpg\",\"contentUrl\":\"https:\/\/www.aregaymartin.cat\/wp-content\/uploads\/2021\/09\/shutterstock_568104286-scaled.jpg\",\"width\":2560,\"height\":1280},{\"@type\":\"BreadcrumbList\",\"@id\":\"https:\/\/www.aregaymartin.cat\/index.php\/2021\/09\/26\/regim-de-visites-entre-avis-i-nets\/#breadcrumb\",\"itemListElement\":[{\"@type\":\"ListItem\",\"position\":1,\"name\":\"Portada\",\"item\":\"https:\/\/www.aregaymartin.cat\/\"},{\"@type\":\"ListItem\",\"position\":2,\"name\":\"R\u00c8GIM DE VISITES ENTRE AVIS I N\u00c9TS\"}]},{\"@type\":\"WebSite\",\"@id\":\"https:\/\/www.aregaymartin.cat\/#website\",\"url\":\"https:\/\/www.aregaymartin.cat\/\",\"name\":\"Laura Aregay Martin\",\"description\":\"Advocada i Mediadora\",\"potentialAction\":[{\"@type\":\"SearchAction\",\"target\":{\"@type\":\"EntryPoint\",\"urlTemplate\":\"https:\/\/www.aregaymartin.cat\/?s={search_term_string}\"},\"query-input\":{\"@type\":\"PropertyValueSpecification\",\"valueRequired\":true,\"valueName\":\"search_term_string\"}}],\"inLanguage\":\"es\"},{\"@type\":\"Person\",\"@id\":\"https:\/\/www.aregaymartin.cat\/#\/schema\/person\/e75bbb639581377296c8a6913c32e41b\",\"name\":\"Laura Aregay\",\"image\":{\"@type\":\"ImageObject\",\"inLanguage\":\"es\",\"@id\":\"https:\/\/www.aregaymartin.cat\/#\/schema\/person\/image\/\",\"url\":\"https:\/\/secure.gravatar.com\/avatar\/bb9677b3efff995b9cefa47b3e646faa?s=96&d=mm&r=g\",\"contentUrl\":\"https:\/\/secure.gravatar.com\/avatar\/bb9677b3efff995b9cefa47b3e646faa?s=96&d=mm&r=g\",\"caption\":\"Laura Aregay\"},\"sameAs\":[\"http:\/\/aregaymartin.cat\"],\"url\":\"https:\/\/www.aregaymartin.cat\/index.php\/author\/laura\/\"}]}<\/script>\n<!-- \/ Yoast SEO plugin. -->","yoast_head_json":{"title":"R\u00c8GIM DE VISITES ENTRE AVIS I N\u00c9TS - Laura Aregay Martin","robots":{"index":"index","follow":"follow","max-snippet":"max-snippet:-1","max-image-preview":"max-image-preview:large","max-video-preview":"max-video-preview:-1"},"canonical":"https:\/\/www.aregaymartin.cat\/index.php\/2021\/09\/26\/regim-de-visites-entre-avis-i-nets\/","og_locale":"es_ES","og_type":"article","og_title":"R\u00c8GIM DE VISITES ENTRE AVIS I N\u00c9TS - Laura Aregay Martin","og_description":"No \u00e9s infreq\u00fcent que els avis perdin el contacte amb [...]","og_url":"https:\/\/www.aregaymartin.cat\/index.php\/2021\/09\/26\/regim-de-visites-entre-avis-i-nets\/","og_site_name":"Laura Aregay Martin","article_published_time":"2021-09-26T16:27:17+00:00","og_image":[{"width":2560,"height":1280,"url":"https:\/\/www.aregaymartin.cat\/wp-content\/uploads\/2021\/09\/shutterstock_568104286-scaled.jpg","type":"image\/jpeg"}],"author":"Laura Aregay","twitter_card":"summary_large_image","twitter_misc":{"Escrito por":"Laura Aregay","Tiempo de lectura":"3 minutos"},"schema":{"@context":"https:\/\/schema.org","@graph":[{"@type":"WebPage","@id":"https:\/\/www.aregaymartin.cat\/index.php\/2021\/09\/26\/regim-de-visites-entre-avis-i-nets\/","url":"https:\/\/www.aregaymartin.cat\/index.php\/2021\/09\/26\/regim-de-visites-entre-avis-i-nets\/","name":"R\u00c8GIM DE VISITES ENTRE AVIS I N\u00c9TS - Laura Aregay Martin","isPartOf":{"@id":"https:\/\/www.aregaymartin.cat\/#website"},"primaryImageOfPage":{"@id":"https:\/\/www.aregaymartin.cat\/index.php\/2021\/09\/26\/regim-de-visites-entre-avis-i-nets\/#primaryimage"},"image":{"@id":"https:\/\/www.aregaymartin.cat\/index.php\/2021\/09\/26\/regim-de-visites-entre-avis-i-nets\/#primaryimage"},"thumbnailUrl":"https:\/\/www.aregaymartin.cat\/wp-content\/uploads\/2021\/09\/shutterstock_568104286-scaled.jpg","datePublished":"2021-09-26T16:27:17+00:00","author":{"@id":"https:\/\/www.aregaymartin.cat\/#\/schema\/person\/e75bbb639581377296c8a6913c32e41b"},"breadcrumb":{"@id":"https:\/\/www.aregaymartin.cat\/index.php\/2021\/09\/26\/regim-de-visites-entre-avis-i-nets\/#breadcrumb"},"inLanguage":"es","potentialAction":[{"@type":"ReadAction","target":["https:\/\/www.aregaymartin.cat\/index.php\/2021\/09\/26\/regim-de-visites-entre-avis-i-nets\/"]}]},{"@type":"ImageObject","inLanguage":"es","@id":"https:\/\/www.aregaymartin.cat\/index.php\/2021\/09\/26\/regim-de-visites-entre-avis-i-nets\/#primaryimage","url":"https:\/\/www.aregaymartin.cat\/wp-content\/uploads\/2021\/09\/shutterstock_568104286-scaled.jpg","contentUrl":"https:\/\/www.aregaymartin.cat\/wp-content\/uploads\/2021\/09\/shutterstock_568104286-scaled.jpg","width":2560,"height":1280},{"@type":"BreadcrumbList","@id":"https:\/\/www.aregaymartin.cat\/index.php\/2021\/09\/26\/regim-de-visites-entre-avis-i-nets\/#breadcrumb","itemListElement":[{"@type":"ListItem","position":1,"name":"Portada","item":"https:\/\/www.aregaymartin.cat\/"},{"@type":"ListItem","position":2,"name":"R\u00c8GIM DE VISITES ENTRE AVIS I N\u00c9TS"}]},{"@type":"WebSite","@id":"https:\/\/www.aregaymartin.cat\/#website","url":"https:\/\/www.aregaymartin.cat\/","name":"Laura Aregay Martin","description":"Advocada i Mediadora","potentialAction":[{"@type":"SearchAction","target":{"@type":"EntryPoint","urlTemplate":"https:\/\/www.aregaymartin.cat\/?s={search_term_string}"},"query-input":{"@type":"PropertyValueSpecification","valueRequired":true,"valueName":"search_term_string"}}],"inLanguage":"es"},{"@type":"Person","@id":"https:\/\/www.aregaymartin.cat\/#\/schema\/person\/e75bbb639581377296c8a6913c32e41b","name":"Laura Aregay","image":{"@type":"ImageObject","inLanguage":"es","@id":"https:\/\/www.aregaymartin.cat\/#\/schema\/person\/image\/","url":"https:\/\/secure.gravatar.com\/avatar\/bb9677b3efff995b9cefa47b3e646faa?s=96&d=mm&r=g","contentUrl":"https:\/\/secure.gravatar.com\/avatar\/bb9677b3efff995b9cefa47b3e646faa?s=96&d=mm&r=g","caption":"Laura Aregay"},"sameAs":["http:\/\/aregaymartin.cat"],"url":"https:\/\/www.aregaymartin.cat\/index.php\/author\/laura\/"}]}},"_links":{"self":[{"href":"https:\/\/www.aregaymartin.cat\/index.php\/wp-json\/wp\/v2\/posts\/498","targetHints":{"allow":["GET"]}}],"collection":[{"href":"https:\/\/www.aregaymartin.cat\/index.php\/wp-json\/wp\/v2\/posts"}],"about":[{"href":"https:\/\/www.aregaymartin.cat\/index.php\/wp-json\/wp\/v2\/types\/post"}],"author":[{"embeddable":true,"href":"https:\/\/www.aregaymartin.cat\/index.php\/wp-json\/wp\/v2\/users\/3"}],"replies":[{"embeddable":true,"href":"https:\/\/www.aregaymartin.cat\/index.php\/wp-json\/wp\/v2\/comments?post=498"}],"version-history":[{"count":1,"href":"https:\/\/www.aregaymartin.cat\/index.php\/wp-json\/wp\/v2\/posts\/498\/revisions"}],"predecessor-version":[{"id":500,"href":"https:\/\/www.aregaymartin.cat\/index.php\/wp-json\/wp\/v2\/posts\/498\/revisions\/500"}],"wp:featuredmedia":[{"embeddable":true,"href":"https:\/\/www.aregaymartin.cat\/index.php\/wp-json\/wp\/v2\/media\/499"}],"wp:attachment":[{"href":"https:\/\/www.aregaymartin.cat\/index.php\/wp-json\/wp\/v2\/media?parent=498"}],"wp:term":[{"taxonomy":"category","embeddable":true,"href":"https:\/\/www.aregaymartin.cat\/index.php\/wp-json\/wp\/v2\/categories?post=498"},{"taxonomy":"post_tag","embeddable":true,"href":"https:\/\/www.aregaymartin.cat\/index.php\/wp-json\/wp\/v2\/tags?post=498"}],"curies":[{"name":"wp","href":"https:\/\/api.w.org\/{rel}","templated":true}]}}