{"id":475,"date":"2021-06-13T09:51:23","date_gmt":"2021-06-13T09:51:23","guid":{"rendered":"https:\/\/www.aregaymartin.cat\/?p=475"},"modified":"2021-06-13T10:01:10","modified_gmt":"2021-06-13T10:01:10","slug":"els-vicis-ocults-en-la-compra-de-vehicles-de-segona-ma-a-catalunya-no-conformitat-amb-el-contracte","status":"publish","type":"post","link":"https:\/\/www.aregaymartin.cat\/index.php\/2021\/06\/13\/els-vicis-ocults-en-la-compra-de-vehicles-de-segona-ma-a-catalunya-no-conformitat-amb-el-contracte\/","title":{"rendered":"ELS VICIS OCULTS EN LA COMPRA DE VEHICLES DE SEGONA M\u00c0 A CATALUNYA. NO CONFORMITAT AMB EL CONTRACTE."},"content":{"rendered":"<p>En aquest article tractem un tema for\u00e7a com\u00fa: Qu\u00e8 hem de fer quan pensem que hem comprat un vehicle de segona m\u00e0 en perfectes condicions i, al poc temps, presenta problemes o t\u00e9 defectes que, d\u2019haver-los conegut abans, no l\u2019hagu\u00e9ssim comprat.<\/p>\n<p>Des de gener de 2018, a Catalunya s\u2019ha adoptat la terminologia europea de la <strong>no conformitat<\/strong> per regular els <strong>vicis ocults<\/strong> o els incompliments contractuals. Existeixen grans difer\u00e8ncies entre la normativa espec\u00edfica del Codi Civil de Catalunya i la normativa estatal.<\/p>\n<p>Segons la regulaci\u00f3 legal catalana, podrem reclamar al venedor quan el vehicle no sigui conforme al contracte. Es considera que existeix una falta de conformitat quan el vehicle entregat no es correspon amb les caracter\u00edstiques establertes pr\u00e8viament al contracte, no compleixi amb les qualitats descrites pel venedor o no coincideixi amb les propietats que es sobreentenen en un producte similar.<\/p>\n<p>&nbsp;<\/p>\n<p><strong><u>Obligacions del venedor:<\/u><\/strong><\/p>\n<p>&nbsp;<\/p>\n<p>El Codi Civil de Catalunya ha introdu\u00eft noves obligacions pel venedor (art. 621-9 del CCCat.):<\/p>\n<p>&nbsp;<\/p>\n<p>&#8211; Entregar, en el temps, lloc i forma que determina el contracte, el vehicle, els seus accessoris i els documents relacionats, si existeixen.<\/p>\n<p>&#8211; Garantir que el vehicle \u00e9s conforme al contracte. Aquest concepte substitueix el que es coneix com a vicis ocults, i que encara es mant\u00e9 en la normativa estatal.<\/p>\n<p>&#8211; Transmetre la titularitat del vehicle i dels seus accessoris.<\/p>\n<p>A m\u00e9s, el venedor t\u00e9 l\u2019obligaci\u00f3 de facilitar la informaci\u00f3 rellevant sobre les caracter\u00edstiques del vehicle i actuar conforme a la bona fe.<\/p>\n<p>&nbsp;<\/p>\n<p><strong><u>Quan ser\u00e0 responsable el venedor per la no conformitat?<\/u><\/strong><\/p>\n<p>&nbsp;<\/p>\n<p>Els criteris per determinar si el vehicle no \u00e9s conforme al contracte s\u00f3n:<\/p>\n<p>&nbsp;<\/p>\n<p>&#8211; Si el vehicle no coincideix amb la descripci\u00f3 feta pel venedor i \u00a0no t\u00e9 les qualitats presentades al comprador.<\/p>\n<p>&#8211; Si no \u00e9s apte per desenvolupar l\u2019\u00fas habitual al que es destinen els vehicles del mateix tipus.<\/p>\n<p>&#8211; Si no \u00e9s apte per a qualsevol us especial que el venedor hagi manifestat al comprador.<\/p>\n<p>&#8211; Si no t\u00e9 les qualitats i prestacions pr\u00f2pies d\u2019un vehicle del mateix tipus.<\/p>\n<p>&nbsp;<\/p>\n<p>El venedor no ser\u00e0 responsable d\u2019aquells defectes sobre els que ja va informar al comprador abans de la compravenda, o si el comprador els hagu\u00e9s pogut con\u00e8ixer per la seva professi\u00f3 o ofici, per exemple, si fos mec\u00e0nic.<\/p>\n<p>&nbsp;<\/p>\n<p><strong><u>Qu\u00e8 pot fer el comprador?<\/u><\/strong><\/p>\n<p>&nbsp;<\/p>\n<p>El comprador disposa de 2 anys des de l\u2019entrega del vehicle per posar de manifest la falta de conformitat, excepte que hagi firmat document on alliberi al venedor de tota responsabilitat sobre possibles defectes ocults que puguin apar\u00e8ixer amb posterioritat a la venda.<\/p>\n<p>Des del moment en qu\u00e8 es posa de manifest la no conformitat (\u00e9s a dir, es posa de manifest l\u2019exist\u00e8ncia del que tradicionalment s\u2019ha denominat vicis ocults), el comprador disposa de 3 anys per exercir les accions corresponents.<\/p>\n<p>Per tant, existeix un termini de 2 anys per a detectar l\u2019exist\u00e8ncia d\u2019algun defecte i comunicar-lo al venedor, i existeix un termini de 3 anys per presentar la demanda.<\/p>\n<p>&nbsp;<\/p>\n<p>Amb la normativa estatal el termini per reclamar \u00e9s de 6 mesos des que es realitza la compra del vehicle.<\/p>\n<p>&nbsp;<\/p>\n<p>En cas de no conformitat, d\u2019acord amb l\u2019art. 621-37 del CCCat., com a compradors podem:<\/p>\n<p>&nbsp;<\/p>\n<p>&#8211; Exigir el compliment d\u2019acord amb el contracte, \u00e9s a dir, la reparaci\u00f3 o substituci\u00f3 del vehicle.<\/p>\n<p>&#8211; Suspendre el pagament del preu.<\/p>\n<p>&#8211; Resoldre el contracte, amb la devoluci\u00f3 de les quantitats pagades.<\/p>\n<p>&#8211; Reduir el preu.<\/p>\n<p>&#8211; Reclamar indemnitzaci\u00f3 per danys i perjudici.<\/p>\n<p>&nbsp;<\/p>\n<p><strong><u>Altres sup\u00f2sits:<\/u><\/strong><\/p>\n<p>&nbsp;<\/p>\n<p>Aquest article l\u2019hem redactat en base a la venta de vehicles de segona m\u00e0 entre particulars, que \u00e9s el sup\u00f2sit m\u00e9s habitual, per\u00f2 el que hem explicat tamb\u00e9 \u00e9s aplicable a qualsevol compravenda, \u00e9s a dir, per venda d\u2019habitatges o coses (electrodom\u00e8stics, m\u00e0quines, etc.).<\/p>\n<p>Pel que fa a la compravenda d\u2019habitatges, els sup\u00f2sits de no conformitat poden ser aquells en els que la finca presenta aluminosi, humitats no visibles, bigues carbonatades o altres patologies estructurals.<\/p>\n<p>&nbsp;<\/p>\n<p>Si es troba en qualsevol de les situacions plantejades, \u00a0el m\u00e9s recomanable \u00e9s que contacti amb un advocat perqu\u00e8 l\u2019assessori degudament. Si vol comptar amb la meva ajuda, pot contactar amb mi <a href=\"https:\/\/www.aregaymartin.cat\/index.php\/contacte\/\">aqu\u00ed.<\/a><\/p>\n<p>&nbsp;<\/p>\n","protected":false},"excerpt":{"rendered":"<p>En aquest article tractem un tema for\u00e7a com\u00fa: Qu\u00e8 hem  [&#8230;]<\/p>\n","protected":false},"author":3,"featured_media":476,"comment_status":"open","ping_status":"open","sticky":false,"template":"","format":"standard","meta":{"footnotes":""},"categories":[21],"tags":[134,132,158,130,138,156,136,128],"class_list":["post-475","post","type-post","status-publish","format-standard","has-post-thumbnail","hentry","category-actualitat-juridica","tag-compravenda-cotxe","tag-compravenda-vehicle","tag-defectes","tag-incompliment-contracte","tag-no-conformitat","tag-reclamacio-venedor","tag-segona-ma","tag-vicis-ocults"],"yoast_head":"<!-- This site is optimized with the Yoast SEO plugin v24.7 - https:\/\/yoast.com\/wordpress\/plugins\/seo\/ -->\n<title>ELS VICIS OCULTS EN LA COMPRA DE VEHICLES DE SEGONA M\u00c0 A CATALUNYA. NO CONFORMITAT AMB EL CONTRACTE. - Laura Aregay Martin<\/title>\n<meta name=\"robots\" content=\"index, follow, max-snippet:-1, max-image-preview:large, max-video-preview:-1\" \/>\n<link rel=\"canonical\" href=\"https:\/\/www.aregaymartin.cat\/index.php\/2021\/06\/13\/els-vicis-ocults-en-la-compra-de-vehicles-de-segona-ma-a-catalunya-no-conformitat-amb-el-contracte\/\" \/>\n<meta property=\"og:locale\" content=\"es_ES\" \/>\n<meta property=\"og:type\" content=\"article\" \/>\n<meta property=\"og:title\" content=\"ELS VICIS OCULTS EN LA COMPRA DE VEHICLES DE SEGONA M\u00c0 A CATALUNYA. NO CONFORMITAT AMB EL CONTRACTE. - Laura Aregay Martin\" \/>\n<meta property=\"og:description\" content=\"En aquest article tractem un tema for\u00e7a com\u00fa: Qu\u00e8 hem [...]\" \/>\n<meta property=\"og:url\" content=\"https:\/\/www.aregaymartin.cat\/index.php\/2021\/06\/13\/els-vicis-ocults-en-la-compra-de-vehicles-de-segona-ma-a-catalunya-no-conformitat-amb-el-contracte\/\" \/>\n<meta property=\"og:site_name\" content=\"Laura Aregay Martin\" \/>\n<meta property=\"article:published_time\" content=\"2021-06-13T09:51:23+00:00\" \/>\n<meta property=\"article:modified_time\" content=\"2021-06-13T10:01:10+00:00\" \/>\n<meta property=\"og:image\" content=\"https:\/\/www.aregaymartin.cat\/wp-content\/uploads\/2021\/06\/shutterstock_394789348-scaled.jpg\" \/>\n\t<meta property=\"og:image:width\" content=\"2560\" \/>\n\t<meta property=\"og:image:height\" content=\"1594\" \/>\n\t<meta property=\"og:image:type\" content=\"image\/jpeg\" \/>\n<meta name=\"author\" content=\"Laura Aregay\" \/>\n<meta name=\"twitter:card\" content=\"summary_large_image\" \/>\n<meta name=\"twitter:label1\" content=\"Escrito por\" \/>\n\t<meta name=\"twitter:data1\" content=\"Laura Aregay\" \/>\n\t<meta name=\"twitter:label2\" content=\"Tiempo de lectura\" \/>\n\t<meta name=\"twitter:data2\" content=\"3 minutos\" \/>\n<script type=\"application\/ld+json\" class=\"yoast-schema-graph\">{\"@context\":\"https:\/\/schema.org\",\"@graph\":[{\"@type\":\"WebPage\",\"@id\":\"https:\/\/www.aregaymartin.cat\/index.php\/2021\/06\/13\/els-vicis-ocults-en-la-compra-de-vehicles-de-segona-ma-a-catalunya-no-conformitat-amb-el-contracte\/\",\"url\":\"https:\/\/www.aregaymartin.cat\/index.php\/2021\/06\/13\/els-vicis-ocults-en-la-compra-de-vehicles-de-segona-ma-a-catalunya-no-conformitat-amb-el-contracte\/\",\"name\":\"ELS VICIS OCULTS EN LA COMPRA DE VEHICLES DE SEGONA M\u00c0 A CATALUNYA. NO CONFORMITAT AMB EL CONTRACTE. - Laura Aregay Martin\",\"isPartOf\":{\"@id\":\"https:\/\/www.aregaymartin.cat\/#website\"},\"primaryImageOfPage\":{\"@id\":\"https:\/\/www.aregaymartin.cat\/index.php\/2021\/06\/13\/els-vicis-ocults-en-la-compra-de-vehicles-de-segona-ma-a-catalunya-no-conformitat-amb-el-contracte\/#primaryimage\"},\"image\":{\"@id\":\"https:\/\/www.aregaymartin.cat\/index.php\/2021\/06\/13\/els-vicis-ocults-en-la-compra-de-vehicles-de-segona-ma-a-catalunya-no-conformitat-amb-el-contracte\/#primaryimage\"},\"thumbnailUrl\":\"https:\/\/www.aregaymartin.cat\/wp-content\/uploads\/2021\/06\/shutterstock_394789348-scaled.jpg\",\"datePublished\":\"2021-06-13T09:51:23+00:00\",\"dateModified\":\"2021-06-13T10:01:10+00:00\",\"author\":{\"@id\":\"https:\/\/www.aregaymartin.cat\/#\/schema\/person\/e75bbb639581377296c8a6913c32e41b\"},\"breadcrumb\":{\"@id\":\"https:\/\/www.aregaymartin.cat\/index.php\/2021\/06\/13\/els-vicis-ocults-en-la-compra-de-vehicles-de-segona-ma-a-catalunya-no-conformitat-amb-el-contracte\/#breadcrumb\"},\"inLanguage\":\"es\",\"potentialAction\":[{\"@type\":\"ReadAction\",\"target\":[\"https:\/\/www.aregaymartin.cat\/index.php\/2021\/06\/13\/els-vicis-ocults-en-la-compra-de-vehicles-de-segona-ma-a-catalunya-no-conformitat-amb-el-contracte\/\"]}]},{\"@type\":\"ImageObject\",\"inLanguage\":\"es\",\"@id\":\"https:\/\/www.aregaymartin.cat\/index.php\/2021\/06\/13\/els-vicis-ocults-en-la-compra-de-vehicles-de-segona-ma-a-catalunya-no-conformitat-amb-el-contracte\/#primaryimage\",\"url\":\"https:\/\/www.aregaymartin.cat\/wp-content\/uploads\/2021\/06\/shutterstock_394789348-scaled.jpg\",\"contentUrl\":\"https:\/\/www.aregaymartin.cat\/wp-content\/uploads\/2021\/06\/shutterstock_394789348-scaled.jpg\",\"width\":2560,\"height\":1594},{\"@type\":\"BreadcrumbList\",\"@id\":\"https:\/\/www.aregaymartin.cat\/index.php\/2021\/06\/13\/els-vicis-ocults-en-la-compra-de-vehicles-de-segona-ma-a-catalunya-no-conformitat-amb-el-contracte\/#breadcrumb\",\"itemListElement\":[{\"@type\":\"ListItem\",\"position\":1,\"name\":\"Portada\",\"item\":\"https:\/\/www.aregaymartin.cat\/\"},{\"@type\":\"ListItem\",\"position\":2,\"name\":\"ELS VICIS OCULTS EN LA COMPRA DE VEHICLES DE SEGONA M\u00c0 A CATALUNYA. NO CONFORMITAT AMB EL CONTRACTE.\"}]},{\"@type\":\"WebSite\",\"@id\":\"https:\/\/www.aregaymartin.cat\/#website\",\"url\":\"https:\/\/www.aregaymartin.cat\/\",\"name\":\"Laura Aregay Martin\",\"description\":\"Advocada i Mediadora\",\"potentialAction\":[{\"@type\":\"SearchAction\",\"target\":{\"@type\":\"EntryPoint\",\"urlTemplate\":\"https:\/\/www.aregaymartin.cat\/?s={search_term_string}\"},\"query-input\":{\"@type\":\"PropertyValueSpecification\",\"valueRequired\":true,\"valueName\":\"search_term_string\"}}],\"inLanguage\":\"es\"},{\"@type\":\"Person\",\"@id\":\"https:\/\/www.aregaymartin.cat\/#\/schema\/person\/e75bbb639581377296c8a6913c32e41b\",\"name\":\"Laura Aregay\",\"image\":{\"@type\":\"ImageObject\",\"inLanguage\":\"es\",\"@id\":\"https:\/\/www.aregaymartin.cat\/#\/schema\/person\/image\/\",\"url\":\"https:\/\/secure.gravatar.com\/avatar\/bb9677b3efff995b9cefa47b3e646faa?s=96&d=mm&r=g\",\"contentUrl\":\"https:\/\/secure.gravatar.com\/avatar\/bb9677b3efff995b9cefa47b3e646faa?s=96&d=mm&r=g\",\"caption\":\"Laura Aregay\"},\"sameAs\":[\"http:\/\/aregaymartin.cat\"],\"url\":\"https:\/\/www.aregaymartin.cat\/index.php\/author\/laura\/\"}]}<\/script>\n<!-- \/ Yoast SEO plugin. -->","yoast_head_json":{"title":"ELS VICIS OCULTS EN LA COMPRA DE VEHICLES DE SEGONA M\u00c0 A CATALUNYA. NO CONFORMITAT AMB EL CONTRACTE. - Laura Aregay Martin","robots":{"index":"index","follow":"follow","max-snippet":"max-snippet:-1","max-image-preview":"max-image-preview:large","max-video-preview":"max-video-preview:-1"},"canonical":"https:\/\/www.aregaymartin.cat\/index.php\/2021\/06\/13\/els-vicis-ocults-en-la-compra-de-vehicles-de-segona-ma-a-catalunya-no-conformitat-amb-el-contracte\/","og_locale":"es_ES","og_type":"article","og_title":"ELS VICIS OCULTS EN LA COMPRA DE VEHICLES DE SEGONA M\u00c0 A CATALUNYA. NO CONFORMITAT AMB EL CONTRACTE. - Laura Aregay Martin","og_description":"En aquest article tractem un tema for\u00e7a com\u00fa: Qu\u00e8 hem [...]","og_url":"https:\/\/www.aregaymartin.cat\/index.php\/2021\/06\/13\/els-vicis-ocults-en-la-compra-de-vehicles-de-segona-ma-a-catalunya-no-conformitat-amb-el-contracte\/","og_site_name":"Laura Aregay Martin","article_published_time":"2021-06-13T09:51:23+00:00","article_modified_time":"2021-06-13T10:01:10+00:00","og_image":[{"width":2560,"height":1594,"url":"https:\/\/www.aregaymartin.cat\/wp-content\/uploads\/2021\/06\/shutterstock_394789348-scaled.jpg","type":"image\/jpeg"}],"author":"Laura Aregay","twitter_card":"summary_large_image","twitter_misc":{"Escrito por":"Laura Aregay","Tiempo de lectura":"3 minutos"},"schema":{"@context":"https:\/\/schema.org","@graph":[{"@type":"WebPage","@id":"https:\/\/www.aregaymartin.cat\/index.php\/2021\/06\/13\/els-vicis-ocults-en-la-compra-de-vehicles-de-segona-ma-a-catalunya-no-conformitat-amb-el-contracte\/","url":"https:\/\/www.aregaymartin.cat\/index.php\/2021\/06\/13\/els-vicis-ocults-en-la-compra-de-vehicles-de-segona-ma-a-catalunya-no-conformitat-amb-el-contracte\/","name":"ELS VICIS OCULTS EN LA COMPRA DE VEHICLES DE SEGONA M\u00c0 A CATALUNYA. NO CONFORMITAT AMB EL CONTRACTE. - Laura Aregay Martin","isPartOf":{"@id":"https:\/\/www.aregaymartin.cat\/#website"},"primaryImageOfPage":{"@id":"https:\/\/www.aregaymartin.cat\/index.php\/2021\/06\/13\/els-vicis-ocults-en-la-compra-de-vehicles-de-segona-ma-a-catalunya-no-conformitat-amb-el-contracte\/#primaryimage"},"image":{"@id":"https:\/\/www.aregaymartin.cat\/index.php\/2021\/06\/13\/els-vicis-ocults-en-la-compra-de-vehicles-de-segona-ma-a-catalunya-no-conformitat-amb-el-contracte\/#primaryimage"},"thumbnailUrl":"https:\/\/www.aregaymartin.cat\/wp-content\/uploads\/2021\/06\/shutterstock_394789348-scaled.jpg","datePublished":"2021-06-13T09:51:23+00:00","dateModified":"2021-06-13T10:01:10+00:00","author":{"@id":"https:\/\/www.aregaymartin.cat\/#\/schema\/person\/e75bbb639581377296c8a6913c32e41b"},"breadcrumb":{"@id":"https:\/\/www.aregaymartin.cat\/index.php\/2021\/06\/13\/els-vicis-ocults-en-la-compra-de-vehicles-de-segona-ma-a-catalunya-no-conformitat-amb-el-contracte\/#breadcrumb"},"inLanguage":"es","potentialAction":[{"@type":"ReadAction","target":["https:\/\/www.aregaymartin.cat\/index.php\/2021\/06\/13\/els-vicis-ocults-en-la-compra-de-vehicles-de-segona-ma-a-catalunya-no-conformitat-amb-el-contracte\/"]}]},{"@type":"ImageObject","inLanguage":"es","@id":"https:\/\/www.aregaymartin.cat\/index.php\/2021\/06\/13\/els-vicis-ocults-en-la-compra-de-vehicles-de-segona-ma-a-catalunya-no-conformitat-amb-el-contracte\/#primaryimage","url":"https:\/\/www.aregaymartin.cat\/wp-content\/uploads\/2021\/06\/shutterstock_394789348-scaled.jpg","contentUrl":"https:\/\/www.aregaymartin.cat\/wp-content\/uploads\/2021\/06\/shutterstock_394789348-scaled.jpg","width":2560,"height":1594},{"@type":"BreadcrumbList","@id":"https:\/\/www.aregaymartin.cat\/index.php\/2021\/06\/13\/els-vicis-ocults-en-la-compra-de-vehicles-de-segona-ma-a-catalunya-no-conformitat-amb-el-contracte\/#breadcrumb","itemListElement":[{"@type":"ListItem","position":1,"name":"Portada","item":"https:\/\/www.aregaymartin.cat\/"},{"@type":"ListItem","position":2,"name":"ELS VICIS OCULTS EN LA COMPRA DE VEHICLES DE SEGONA M\u00c0 A CATALUNYA. NO CONFORMITAT AMB EL CONTRACTE."}]},{"@type":"WebSite","@id":"https:\/\/www.aregaymartin.cat\/#website","url":"https:\/\/www.aregaymartin.cat\/","name":"Laura Aregay Martin","description":"Advocada i Mediadora","potentialAction":[{"@type":"SearchAction","target":{"@type":"EntryPoint","urlTemplate":"https:\/\/www.aregaymartin.cat\/?s={search_term_string}"},"query-input":{"@type":"PropertyValueSpecification","valueRequired":true,"valueName":"search_term_string"}}],"inLanguage":"es"},{"@type":"Person","@id":"https:\/\/www.aregaymartin.cat\/#\/schema\/person\/e75bbb639581377296c8a6913c32e41b","name":"Laura Aregay","image":{"@type":"ImageObject","inLanguage":"es","@id":"https:\/\/www.aregaymartin.cat\/#\/schema\/person\/image\/","url":"https:\/\/secure.gravatar.com\/avatar\/bb9677b3efff995b9cefa47b3e646faa?s=96&d=mm&r=g","contentUrl":"https:\/\/secure.gravatar.com\/avatar\/bb9677b3efff995b9cefa47b3e646faa?s=96&d=mm&r=g","caption":"Laura Aregay"},"sameAs":["http:\/\/aregaymartin.cat"],"url":"https:\/\/www.aregaymartin.cat\/index.php\/author\/laura\/"}]}},"_links":{"self":[{"href":"https:\/\/www.aregaymartin.cat\/index.php\/wp-json\/wp\/v2\/posts\/475","targetHints":{"allow":["GET"]}}],"collection":[{"href":"https:\/\/www.aregaymartin.cat\/index.php\/wp-json\/wp\/v2\/posts"}],"about":[{"href":"https:\/\/www.aregaymartin.cat\/index.php\/wp-json\/wp\/v2\/types\/post"}],"author":[{"embeddable":true,"href":"https:\/\/www.aregaymartin.cat\/index.php\/wp-json\/wp\/v2\/users\/3"}],"replies":[{"embeddable":true,"href":"https:\/\/www.aregaymartin.cat\/index.php\/wp-json\/wp\/v2\/comments?post=475"}],"version-history":[{"count":1,"href":"https:\/\/www.aregaymartin.cat\/index.php\/wp-json\/wp\/v2\/posts\/475\/revisions"}],"predecessor-version":[{"id":477,"href":"https:\/\/www.aregaymartin.cat\/index.php\/wp-json\/wp\/v2\/posts\/475\/revisions\/477"}],"wp:featuredmedia":[{"embeddable":true,"href":"https:\/\/www.aregaymartin.cat\/index.php\/wp-json\/wp\/v2\/media\/476"}],"wp:attachment":[{"href":"https:\/\/www.aregaymartin.cat\/index.php\/wp-json\/wp\/v2\/media?parent=475"}],"wp:term":[{"taxonomy":"category","embeddable":true,"href":"https:\/\/www.aregaymartin.cat\/index.php\/wp-json\/wp\/v2\/categories?post=475"},{"taxonomy":"post_tag","embeddable":true,"href":"https:\/\/www.aregaymartin.cat\/index.php\/wp-json\/wp\/v2\/tags?post=475"}],"curies":[{"name":"wp","href":"https:\/\/api.w.org\/{rel}","templated":true}]}}