{"id":278,"date":"2020-12-16T07:59:02","date_gmt":"2020-12-16T07:59:02","guid":{"rendered":"https:\/\/www.aregaymartin.cat\/?p=278"},"modified":"2021-01-17T18:42:28","modified_gmt":"2021-01-17T18:42:28","slug":"sostraccio-internacional-de-menors-com-actuar","status":"publish","type":"post","link":"https:\/\/www.aregaymartin.cat\/index.php\/2020\/12\/16\/sostraccio-internacional-de-menors-com-actuar\/","title":{"rendered":"SOSTRACCI\u00d3 INTERNACIONAL DE MENORS. COM ACTUAR."},"content":{"rendered":"<p>En els processos de fam\u00edlia la sostracci\u00f3 internacional de menors, si b\u00e9 no \u00e9s un delicte habitual, pot arribar a produir-se en procediments de divorci amb un alt nivell de conflictivitat, o quan els progenitors s\u00f3n de diferents nacionalitats i un d\u2019ells desitja tornar al seu pa\u00eds. Tamb\u00e9 es pot produir entre matrimonis ja divorciats o parelles que ja compten amb una sent\u00e8ncia.<\/p>\n<p>La sostracci\u00f3 internacional de menors es produeix en els seg\u00fcents sup\u00f2sits (art. 225 bis Codi Penal):<\/p>\n<p>&#8211; <u>Despla\u00e7ament:<\/u> quan un dels progenitors es trasllada permanentment a un pa\u00eds diferent d\u2019aquell en el que el menor residia habitualment, prenent la decisi\u00f3 unilateralment, sense comptar amb el consentiment de l\u2019altre progenitor.<\/p>\n<p>&#8211; <u>Retenci\u00f3:<\/u> quan un dels progenitors es trasllada a un altre pa\u00eds, impedint aix\u00ed que l\u2019altre progenitor pugui exercir el seu dret de visites.<\/p>\n<p>Si es produeix una d\u2019aquestes situacions, cal actuar amb rapidesa, realitzant les seg\u00fcents actuacions:<\/p>\n<ul>\n<li>Interposar <strong>DENUNCIA <\/strong>en una de les depend\u00e8ncies de les Forces i Cossos de Seguretat de l\u2019Estat competents per una presumpta perpetraci\u00f3 d\u2019un delicte de sostracci\u00f3 de menors previst a l\u2019art. 225 bis del Codi Penal.<\/li>\n<li><strong>SOL\u00b7LICITUD DE RESTITUCI\u00d3<\/strong> del menor davant del Ministeri de Just\u00edcia, si el pa\u00eds en el que es troba el menor \u00e9s un estat membre de la Uni\u00f3 Europea o qualsevol dels pa\u00efsos firmants del Conveni de la Confer\u00e8ncia de La Haya de 25 d\u2019octubre de 1980 sobre els Aspectes Civils de la Sostracci\u00f3 Internacional de Menors.<\/li>\n<\/ul>\n<p>Si el pa\u00eds en el que es troba el menor no \u00e9s un pa\u00eds firmant del Conveni de La Haya cal posar-ho en coneixement del Ministeri d\u2019Afers Exteriors i de Cooperaci\u00f3 que informar\u00e0 a l\u2019Ambaixada o Consolat d\u2019Espanya corresponent.<\/p>\n<p>La sol\u00b7licitud s\u2019ha de presentar abans del termini d\u2019un any ja que, transcorregut aquest termini, es pot al\u00b7legar la integraci\u00f3 del menor en el seu nou domicili.<\/p>\n<p>El procediment judicial de restituci\u00f3 es tramitar\u00e0 davant dels tribunals del pa\u00eds en el que es trobi el menor.<\/p>\n<ul>\n<li>Sol\u00b7licitud de <strong>DECLARACI\u00d3 DE TRASLLAT IL\u00b7L\u00cdCIT<\/strong> conforme disposa l\u2019art. 778 <em>sexties <\/em>de la Llei d\u2019Enjudiciament Civil. Aquesta petici\u00f3 \u00e9s recomanable que es formuli paral\u00b7lelament a la sol\u00b7licitud de restituci\u00f3 del menor, essent competent per dictar aquesta resoluci\u00f3 l\u2019\u00faltima autoritat judicial que hagi conegut un procediment sobre responsabilitat parental del menor, o subsidi\u00e0riament, el Jutjat de Primera Instancia de l\u2019\u00faltim domicili del menor a Espanya.<\/li>\n<\/ul>\n<p>&nbsp;<\/p>\n<p>&nbsp;<\/p>\n<p>Laura Aregay Mart\u00edn \u2013 14 de desembre de 2020<\/p>\n","protected":false},"excerpt":{"rendered":"<p>En els processos de fam\u00edlia la sostracci\u00f3 internacional de menors,  [&#8230;]<\/p>\n","protected":false},"author":1,"featured_media":279,"comment_status":"open","ping_status":"open","sticky":false,"template":"","format":"standard","meta":{"footnotes":""},"categories":[21],"tags":[53,59,57],"class_list":["post-278","post","type-post","status-publish","format-standard","has-post-thumbnail","hentry","category-actualitat-juridica","tag-internacional","tag-menores","tag-sustraccion"],"yoast_head":"<!-- This site is optimized with the Yoast SEO plugin v24.7 - https:\/\/yoast.com\/wordpress\/plugins\/seo\/ -->\n<title>SOSTRACCI\u00d3 INTERNACIONAL DE MENORS. COM ACTUAR. - Laura Aregay Martin<\/title>\n<meta name=\"description\" content=\"-----&gt; La sostracci\u00f3 internacional de menors es produeix en els seg\u00fcents sup\u00f2sits (art. 225 bis Codi Penal)\" \/>\n<meta name=\"robots\" content=\"index, follow, max-snippet:-1, max-image-preview:large, max-video-preview:-1\" \/>\n<link rel=\"canonical\" href=\"https:\/\/www.aregaymartin.cat\/index.php\/2020\/12\/16\/sostraccio-internacional-de-menors-com-actuar\/\" \/>\n<meta property=\"og:locale\" content=\"es_ES\" \/>\n<meta property=\"og:type\" content=\"article\" \/>\n<meta property=\"og:title\" content=\"SOSTRACCI\u00d3 INTERNACIONAL DE MENORS. COM ACTUAR. - Laura Aregay Martin\" \/>\n<meta property=\"og:description\" content=\"-----&gt; La sostracci\u00f3 internacional de menors es produeix en els seg\u00fcents sup\u00f2sits (art. 225 bis Codi Penal)\" \/>\n<meta property=\"og:url\" content=\"https:\/\/www.aregaymartin.cat\/index.php\/2020\/12\/16\/sostraccio-internacional-de-menors-com-actuar\/\" \/>\n<meta property=\"og:site_name\" content=\"Laura Aregay Martin\" \/>\n<meta property=\"article:published_time\" content=\"2020-12-16T07:59:02+00:00\" \/>\n<meta property=\"article:modified_time\" content=\"2021-01-17T18:42:28+00:00\" \/>\n<meta property=\"og:image\" content=\"https:\/\/www.aregaymartin.cat\/wp-content\/uploads\/2020\/12\/mikhail-pavstyuk-EKy2OTRPXdw-unsplash.jpg\" \/>\n\t<meta property=\"og:image:width\" content=\"2560\" \/>\n\t<meta property=\"og:image:height\" content=\"1440\" \/>\n\t<meta property=\"og:image:type\" content=\"image\/jpeg\" \/>\n<meta name=\"author\" content=\"admin\" \/>\n<meta name=\"twitter:card\" content=\"summary_large_image\" \/>\n<meta name=\"twitter:label1\" content=\"Escrito por\" \/>\n\t<meta name=\"twitter:data1\" content=\"admin\" \/>\n\t<meta name=\"twitter:label2\" content=\"Tiempo de lectura\" \/>\n\t<meta name=\"twitter:data2\" content=\"2 minutos\" \/>\n<script type=\"application\/ld+json\" class=\"yoast-schema-graph\">{\"@context\":\"https:\/\/schema.org\",\"@graph\":[{\"@type\":\"WebPage\",\"@id\":\"https:\/\/www.aregaymartin.cat\/index.php\/2020\/12\/16\/sostraccio-internacional-de-menors-com-actuar\/\",\"url\":\"https:\/\/www.aregaymartin.cat\/index.php\/2020\/12\/16\/sostraccio-internacional-de-menors-com-actuar\/\",\"name\":\"SOSTRACCI\u00d3 INTERNACIONAL DE MENORS. COM ACTUAR. - Laura Aregay Martin\",\"isPartOf\":{\"@id\":\"https:\/\/www.aregaymartin.cat\/#website\"},\"primaryImageOfPage\":{\"@id\":\"https:\/\/www.aregaymartin.cat\/index.php\/2020\/12\/16\/sostraccio-internacional-de-menors-com-actuar\/#primaryimage\"},\"image\":{\"@id\":\"https:\/\/www.aregaymartin.cat\/index.php\/2020\/12\/16\/sostraccio-internacional-de-menors-com-actuar\/#primaryimage\"},\"thumbnailUrl\":\"https:\/\/www.aregaymartin.cat\/wp-content\/uploads\/2020\/12\/mikhail-pavstyuk-EKy2OTRPXdw-unsplash.jpg\",\"datePublished\":\"2020-12-16T07:59:02+00:00\",\"dateModified\":\"2021-01-17T18:42:28+00:00\",\"author\":{\"@id\":\"https:\/\/www.aregaymartin.cat\/#\/schema\/person\/7170ae47c0a0c4f41e43847fdcad87b1\"},\"description\":\"-----> La sostracci\u00f3 internacional de menors es produeix en els seg\u00fcents sup\u00f2sits (art. 225 bis Codi Penal)\",\"breadcrumb\":{\"@id\":\"https:\/\/www.aregaymartin.cat\/index.php\/2020\/12\/16\/sostraccio-internacional-de-menors-com-actuar\/#breadcrumb\"},\"inLanguage\":\"es\",\"potentialAction\":[{\"@type\":\"ReadAction\",\"target\":[\"https:\/\/www.aregaymartin.cat\/index.php\/2020\/12\/16\/sostraccio-internacional-de-menors-com-actuar\/\"]}]},{\"@type\":\"ImageObject\",\"inLanguage\":\"es\",\"@id\":\"https:\/\/www.aregaymartin.cat\/index.php\/2020\/12\/16\/sostraccio-internacional-de-menors-com-actuar\/#primaryimage\",\"url\":\"https:\/\/www.aregaymartin.cat\/wp-content\/uploads\/2020\/12\/mikhail-pavstyuk-EKy2OTRPXdw-unsplash.jpg\",\"contentUrl\":\"https:\/\/www.aregaymartin.cat\/wp-content\/uploads\/2020\/12\/mikhail-pavstyuk-EKy2OTRPXdw-unsplash.jpg\",\"width\":2560,\"height\":1440},{\"@type\":\"BreadcrumbList\",\"@id\":\"https:\/\/www.aregaymartin.cat\/index.php\/2020\/12\/16\/sostraccio-internacional-de-menors-com-actuar\/#breadcrumb\",\"itemListElement\":[{\"@type\":\"ListItem\",\"position\":1,\"name\":\"Portada\",\"item\":\"https:\/\/www.aregaymartin.cat\/\"},{\"@type\":\"ListItem\",\"position\":2,\"name\":\"SOSTRACCI\u00d3 INTERNACIONAL DE MENORS. COM ACTUAR.\"}]},{\"@type\":\"WebSite\",\"@id\":\"https:\/\/www.aregaymartin.cat\/#website\",\"url\":\"https:\/\/www.aregaymartin.cat\/\",\"name\":\"Laura Aregay Martin\",\"description\":\"Advocada i Mediadora\",\"potentialAction\":[{\"@type\":\"SearchAction\",\"target\":{\"@type\":\"EntryPoint\",\"urlTemplate\":\"https:\/\/www.aregaymartin.cat\/?s={search_term_string}\"},\"query-input\":{\"@type\":\"PropertyValueSpecification\",\"valueRequired\":true,\"valueName\":\"search_term_string\"}}],\"inLanguage\":\"es\"},{\"@type\":\"Person\",\"@id\":\"https:\/\/www.aregaymartin.cat\/#\/schema\/person\/7170ae47c0a0c4f41e43847fdcad87b1\",\"name\":\"admin\",\"image\":{\"@type\":\"ImageObject\",\"inLanguage\":\"es\",\"@id\":\"https:\/\/www.aregaymartin.cat\/#\/schema\/person\/image\/\",\"url\":\"https:\/\/secure.gravatar.com\/avatar\/c57400500726919269fd2261922f59fa?s=96&d=mm&r=g\",\"contentUrl\":\"https:\/\/secure.gravatar.com\/avatar\/c57400500726919269fd2261922f59fa?s=96&d=mm&r=g\",\"caption\":\"admin\"},\"sameAs\":[\"http:\/\/www.aregaymartin.cat\"],\"url\":\"https:\/\/www.aregaymartin.cat\/index.php\/author\/admin\/\"}]}<\/script>\n<!-- \/ Yoast SEO plugin. -->","yoast_head_json":{"title":"SOSTRACCI\u00d3 INTERNACIONAL DE MENORS. COM ACTUAR. - Laura Aregay Martin","description":"-----> La sostracci\u00f3 internacional de menors es produeix en els seg\u00fcents sup\u00f2sits (art. 225 bis Codi Penal)","robots":{"index":"index","follow":"follow","max-snippet":"max-snippet:-1","max-image-preview":"max-image-preview:large","max-video-preview":"max-video-preview:-1"},"canonical":"https:\/\/www.aregaymartin.cat\/index.php\/2020\/12\/16\/sostraccio-internacional-de-menors-com-actuar\/","og_locale":"es_ES","og_type":"article","og_title":"SOSTRACCI\u00d3 INTERNACIONAL DE MENORS. COM ACTUAR. - Laura Aregay Martin","og_description":"-----> La sostracci\u00f3 internacional de menors es produeix en els seg\u00fcents sup\u00f2sits (art. 225 bis Codi Penal)","og_url":"https:\/\/www.aregaymartin.cat\/index.php\/2020\/12\/16\/sostraccio-internacional-de-menors-com-actuar\/","og_site_name":"Laura Aregay Martin","article_published_time":"2020-12-16T07:59:02+00:00","article_modified_time":"2021-01-17T18:42:28+00:00","og_image":[{"width":2560,"height":1440,"url":"https:\/\/www.aregaymartin.cat\/wp-content\/uploads\/2020\/12\/mikhail-pavstyuk-EKy2OTRPXdw-unsplash.jpg","type":"image\/jpeg"}],"author":"admin","twitter_card":"summary_large_image","twitter_misc":{"Escrito por":"admin","Tiempo de lectura":"2 minutos"},"schema":{"@context":"https:\/\/schema.org","@graph":[{"@type":"WebPage","@id":"https:\/\/www.aregaymartin.cat\/index.php\/2020\/12\/16\/sostraccio-internacional-de-menors-com-actuar\/","url":"https:\/\/www.aregaymartin.cat\/index.php\/2020\/12\/16\/sostraccio-internacional-de-menors-com-actuar\/","name":"SOSTRACCI\u00d3 INTERNACIONAL DE MENORS. COM ACTUAR. - Laura Aregay Martin","isPartOf":{"@id":"https:\/\/www.aregaymartin.cat\/#website"},"primaryImageOfPage":{"@id":"https:\/\/www.aregaymartin.cat\/index.php\/2020\/12\/16\/sostraccio-internacional-de-menors-com-actuar\/#primaryimage"},"image":{"@id":"https:\/\/www.aregaymartin.cat\/index.php\/2020\/12\/16\/sostraccio-internacional-de-menors-com-actuar\/#primaryimage"},"thumbnailUrl":"https:\/\/www.aregaymartin.cat\/wp-content\/uploads\/2020\/12\/mikhail-pavstyuk-EKy2OTRPXdw-unsplash.jpg","datePublished":"2020-12-16T07:59:02+00:00","dateModified":"2021-01-17T18:42:28+00:00","author":{"@id":"https:\/\/www.aregaymartin.cat\/#\/schema\/person\/7170ae47c0a0c4f41e43847fdcad87b1"},"description":"-----> La sostracci\u00f3 internacional de menors es produeix en els seg\u00fcents sup\u00f2sits (art. 225 bis Codi Penal)","breadcrumb":{"@id":"https:\/\/www.aregaymartin.cat\/index.php\/2020\/12\/16\/sostraccio-internacional-de-menors-com-actuar\/#breadcrumb"},"inLanguage":"es","potentialAction":[{"@type":"ReadAction","target":["https:\/\/www.aregaymartin.cat\/index.php\/2020\/12\/16\/sostraccio-internacional-de-menors-com-actuar\/"]}]},{"@type":"ImageObject","inLanguage":"es","@id":"https:\/\/www.aregaymartin.cat\/index.php\/2020\/12\/16\/sostraccio-internacional-de-menors-com-actuar\/#primaryimage","url":"https:\/\/www.aregaymartin.cat\/wp-content\/uploads\/2020\/12\/mikhail-pavstyuk-EKy2OTRPXdw-unsplash.jpg","contentUrl":"https:\/\/www.aregaymartin.cat\/wp-content\/uploads\/2020\/12\/mikhail-pavstyuk-EKy2OTRPXdw-unsplash.jpg","width":2560,"height":1440},{"@type":"BreadcrumbList","@id":"https:\/\/www.aregaymartin.cat\/index.php\/2020\/12\/16\/sostraccio-internacional-de-menors-com-actuar\/#breadcrumb","itemListElement":[{"@type":"ListItem","position":1,"name":"Portada","item":"https:\/\/www.aregaymartin.cat\/"},{"@type":"ListItem","position":2,"name":"SOSTRACCI\u00d3 INTERNACIONAL DE MENORS. COM ACTUAR."}]},{"@type":"WebSite","@id":"https:\/\/www.aregaymartin.cat\/#website","url":"https:\/\/www.aregaymartin.cat\/","name":"Laura Aregay Martin","description":"Advocada i Mediadora","potentialAction":[{"@type":"SearchAction","target":{"@type":"EntryPoint","urlTemplate":"https:\/\/www.aregaymartin.cat\/?s={search_term_string}"},"query-input":{"@type":"PropertyValueSpecification","valueRequired":true,"valueName":"search_term_string"}}],"inLanguage":"es"},{"@type":"Person","@id":"https:\/\/www.aregaymartin.cat\/#\/schema\/person\/7170ae47c0a0c4f41e43847fdcad87b1","name":"admin","image":{"@type":"ImageObject","inLanguage":"es","@id":"https:\/\/www.aregaymartin.cat\/#\/schema\/person\/image\/","url":"https:\/\/secure.gravatar.com\/avatar\/c57400500726919269fd2261922f59fa?s=96&d=mm&r=g","contentUrl":"https:\/\/secure.gravatar.com\/avatar\/c57400500726919269fd2261922f59fa?s=96&d=mm&r=g","caption":"admin"},"sameAs":["http:\/\/www.aregaymartin.cat"],"url":"https:\/\/www.aregaymartin.cat\/index.php\/author\/admin\/"}]}},"_links":{"self":[{"href":"https:\/\/www.aregaymartin.cat\/index.php\/wp-json\/wp\/v2\/posts\/278","targetHints":{"allow":["GET"]}}],"collection":[{"href":"https:\/\/www.aregaymartin.cat\/index.php\/wp-json\/wp\/v2\/posts"}],"about":[{"href":"https:\/\/www.aregaymartin.cat\/index.php\/wp-json\/wp\/v2\/types\/post"}],"author":[{"embeddable":true,"href":"https:\/\/www.aregaymartin.cat\/index.php\/wp-json\/wp\/v2\/users\/1"}],"replies":[{"embeddable":true,"href":"https:\/\/www.aregaymartin.cat\/index.php\/wp-json\/wp\/v2\/comments?post=278"}],"version-history":[{"count":1,"href":"https:\/\/www.aregaymartin.cat\/index.php\/wp-json\/wp\/v2\/posts\/278\/revisions"}],"predecessor-version":[{"id":280,"href":"https:\/\/www.aregaymartin.cat\/index.php\/wp-json\/wp\/v2\/posts\/278\/revisions\/280"}],"wp:featuredmedia":[{"embeddable":true,"href":"https:\/\/www.aregaymartin.cat\/index.php\/wp-json\/wp\/v2\/media\/279"}],"wp:attachment":[{"href":"https:\/\/www.aregaymartin.cat\/index.php\/wp-json\/wp\/v2\/media?parent=278"}],"wp:term":[{"taxonomy":"category","embeddable":true,"href":"https:\/\/www.aregaymartin.cat\/index.php\/wp-json\/wp\/v2\/categories?post=278"},{"taxonomy":"post_tag","embeddable":true,"href":"https:\/\/www.aregaymartin.cat\/index.php\/wp-json\/wp\/v2\/tags?post=278"}],"curies":[{"name":"wp","href":"https:\/\/api.w.org\/{rel}","templated":true}]}}